{"id":337,"date":"2026-09-01T08:00:00","date_gmt":"2026-09-01T06:00:00","guid":{"rendered":"https:\/\/staging.hegering-menden.de\/?p=337"},"modified":"2026-09-01T21:44:20","modified_gmt":"2026-09-01T19:44:20","slug":"hegering-menden-beim-festumzug-750-jahre-menden","status":"publish","type":"post","link":"https:\/\/www.hegering-menden.de\/?p=337","title":{"rendered":"Hegering Menden beim Festumzug zum 750-j\u00e4hrigen Stadtjubil\u00e4um"},"content":{"rendered":"<p>Mit rund 40 Teilnehmerinnen und Teilnehmern war der Hegering Menden beim gro\u00dfen Festumzug anl\u00e4sslich des 750-j\u00e4hrigen Stadtjubil\u00e4ums der Stadt Menden vertreten.<\/p>\n<p>Ein besonderer Blickfang war unsere eigens organisierte Kutsche, auf der einige altgediente Mitglieder des Hegerings Platz nahmen. Begleitet von Akkordeon und dem \u201eLiederbuch der J\u00e4ger\u201c wurden w\u00e4hrend des Umzuges gemeinsam Jagd- und Volkslieder gesungen.<\/p>\n<p>Auch die Fu\u00dfgruppe sorgte f\u00fcr jagdliche Atmosph\u00e4re: Unsere Jagdhornbl\u00e4ser begleiteten den Zug musikalisch und pr\u00e4sentierten den Hegering entlang der Strecke. Dar\u00fcber hinaus wurden Vogelh\u00e4uschen und Blumensamen an die Zuschauerinnen und Zuschauer verteilt \u2013 ein kleiner Beitrag, um auch die Themen Natur- und Artenschutz sichtbar zu machen.<\/p>\n<p>Bei gro\u00dfartiger Stimmung entlang der Strecke und beim anschlie\u00dfenden gemeinsamen Ausklang zeigte sich einmal mehr der starke Zusammenhalt innerhalb unseres Hegerings. Der Festumzug war damit nicht nur ein besonderer Beitrag zum Stadtjubil\u00e4um, sondern auch ein sch\u00f6ner gemeinsamer Tag f\u00fcr unsere Mitglieder.<\/p>\n<p>Wir bedanken uns bei allen, die dabei waren und unseren Hegering bei diesem besonderen Jubil\u00e4um vertreten haben!<\/p>\n","protected":false},"excerpt":{"rendered":"<p>Mit rund 40 Teilnehmerinnen und Teilnehmern, einer Kutsche und unseren Jagdhornbl\u00e4sern beteiligte sich der Hegering Menden am Festumzug zum 750-j\u00e4hrigen Stadtjubil\u00e4um.<\/p>\n","protected":false},"author":1,"featured_media":543,"comment_status":"closed","ping_status":"open","sticky":false,"template":"","format":"standard","meta":{"footnotes":""},"categories":[1],"tags":[],"class_list":["post-337","post","type-post","status-publish","format-standard","has-post-thumbnail","hentry","category-uncategorized"],"_links":{"self":[{"href":"https:\/\/www.hegering-menden.de\/index.php?rest_route=\/wp\/v2\/posts\/337","targetHints":{"allow":["GET"]}}],"collection":[{"href":"https:\/\/www.hegering-menden.de\/index.php?rest_route=\/wp\/v2\/posts"}],"about":[{"href":"https:\/\/www.hegering-menden.de\/index.php?rest_route=\/wp\/v2\/types\/post"}],"author":[{"embeddable":true,"href":"https:\/\/www.hegering-menden.de\/index.php?rest_route=\/wp\/v2\/users\/1"}],"replies":[{"embeddable":true,"href":"https:\/\/www.hegering-menden.de\/index.php?rest_route=%2Fwp%2Fv2%2Fcomments&post=337"}],"version-history":[{"count":2,"href":"https:\/\/www.hegering-menden.de\/index.php?rest_route=\/wp\/v2\/posts\/337\/revisions"}],"predecessor-version":[{"id":544,"href":"https:\/\/www.hegering-menden.de\/index.php?rest_route=\/wp\/v2\/posts\/337\/revisions\/544"}],"wp:featuredmedia":[{"embeddable":true,"href":"https:\/\/www.hegering-menden.de\/index.php?rest_route=\/wp\/v2\/media\/543"}],"wp:attachment":[{"href":"https:\/\/www.hegering-menden.de\/index.php?rest_route=%2Fwp%2Fv2%2Fmedia&parent=337"}],"wp:term":[{"taxonomy":"category","embeddable":true,"href":"https:\/\/www.hegering-menden.de\/index.php?rest_route=%2Fwp%2Fv2%2Fcategories&post=337"},{"taxonomy":"post_tag","embeddable":true,"href":"https:\/\/www.hegering-menden.de\/index.php?rest_route=%2Fwp%2Fv2%2Ftags&post=337"}],"curies":[{"name":"wp","href":"https:\/\/api.w.org\/{rel}","templated":true}]}}