{"id":334,"date":"2026-08-10T12:04:16","date_gmt":"2026-08-10T10:04:16","guid":{"rendered":"https:\/\/staging.hegering-menden.de\/?p=334"},"modified":"2026-08-25T22:11:25","modified_gmt":"2026-08-25T20:11:25","slug":"mehr-als-der-jagdschein-jungjaegerkurs-des-hegerings-menden-erfolgreich-abgeschlossen","status":"publish","type":"post","link":"https:\/\/www.hegering-menden.de\/?p=334","title":{"rendered":"Mehr als der Jagdschein: Jungj\u00e4gerkurs des Hegerings Menden erfolgreich abgeschlossen"},"content":{"rendered":"<p>Der Jungj\u00e4gerkurs des Hegerings Menden ist erfolgreich zu Ende gegangen. Sechs Teilnehmerinnen und Teilnehmer haben die anspruchsvolle J\u00e4gerpr\u00fcfung bestanden und damit einen wichtigen Schritt auf ihrem Weg in die jagdliche Praxis gemacht.<\/p>\n<p>Von Mitte September bis Ende April absolvierten die angehenden J\u00e4ger rund 300 Stunden Ausbildung. Auf dem Programm standen unter anderem Wildbiologie, Jagdrecht, Waffen- und Schie\u00dfwesen, Naturschutz, Wildbrethygiene und jagdliche Praxis.<\/p>\n<p>Die abschlie\u00dfende J\u00e4gerpr\u00fcfung besteht aus mehreren Teilen: einer schriftlichen Pr\u00fcfung, dem jagdlichen Schie\u00dfen in drei Disziplinen sowie einer m\u00fcndlich-praktischen Pr\u00fcfung.<\/p>\n<p>Verantwortlich f\u00fcr die Ausbildung beim Hegering Menden sind Stefan Schwudke und Christoph Westermann. Neben der Vermittlung des notwendigen Fachwissens legen sie besonderen Wert auf eine praxisnahe Ausbildung und einen verantwortungsvollen Umgang mit Wild, Natur und Jagd.<\/p>\n<p>Auch Hegeringleiter Philipp Nikodem freut sich \u00fcber den erfolgreichen Abschluss des Kurses und den jagdlichen Nachwuchs im Hegering.<\/p>\n<p>Der Hegering Menden bietet regelm\u00e4\u00dfig Vorbereitungskurse auf die J\u00e4gerpr\u00fcfung an. Die Ausbildung verbindet Theorie, Schie\u00dfausbildung und praktische Inhalte und begleitet die Teilnehmer Schritt f\u00fcr Schritt auf dem Weg zum Jagdschein.<\/p>\n","protected":false},"excerpt":{"rendered":"<p>Der Jungj\u00e4gerkurs des Hegerings Menden ist erfolgreich zu Ende gegangen. Sechs Teilnehmerinnen und Teilnehmer haben die anspruchsvolle J\u00e4gerpr\u00fcfung bestanden und damit einen wichtigen Schritt auf ihrem Weg in die jagdliche Praxis gemacht. Von Mitte September bis Ende April absolvierten die angehenden J\u00e4ger rund 300 Stunden Ausbildung. Auf dem Programm standen unter anderem Wildbiologie, Jagdrecht, Waffen- [&hellip;]<\/p>\n","protected":false},"author":1,"featured_media":526,"comment_status":"closed","ping_status":"open","sticky":false,"template":"","format":"standard","meta":{"footnotes":""},"categories":[1],"tags":[],"class_list":["post-334","post","type-post","status-publish","format-standard","has-post-thumbnail","hentry","category-uncategorized"],"_links":{"self":[{"href":"https:\/\/www.hegering-menden.de\/index.php?rest_route=\/wp\/v2\/posts\/334","targetHints":{"allow":["GET"]}}],"collection":[{"href":"https:\/\/www.hegering-menden.de\/index.php?rest_route=\/wp\/v2\/posts"}],"about":[{"href":"https:\/\/www.hegering-menden.de\/index.php?rest_route=\/wp\/v2\/types\/post"}],"author":[{"embeddable":true,"href":"https:\/\/www.hegering-menden.de\/index.php?rest_route=\/wp\/v2\/users\/1"}],"replies":[{"embeddable":true,"href":"https:\/\/www.hegering-menden.de\/index.php?rest_route=%2Fwp%2Fv2%2Fcomments&post=334"}],"version-history":[{"count":3,"href":"https:\/\/www.hegering-menden.de\/index.php?rest_route=\/wp\/v2\/posts\/334\/revisions"}],"predecessor-version":[{"id":529,"href":"https:\/\/www.hegering-menden.de\/index.php?rest_route=\/wp\/v2\/posts\/334\/revisions\/529"}],"wp:featuredmedia":[{"embeddable":true,"href":"https:\/\/www.hegering-menden.de\/index.php?rest_route=\/wp\/v2\/media\/526"}],"wp:attachment":[{"href":"https:\/\/www.hegering-menden.de\/index.php?rest_route=%2Fwp%2Fv2%2Fmedia&parent=334"}],"wp:term":[{"taxonomy":"category","embeddable":true,"href":"https:\/\/www.hegering-menden.de\/index.php?rest_route=%2Fwp%2Fv2%2Fcategories&post=334"},{"taxonomy":"post_tag","embeddable":true,"href":"https:\/\/www.hegering-menden.de\/index.php?rest_route=%2Fwp%2Fv2%2Ftags&post=334"}],"curies":[{"name":"wp","href":"https:\/\/api.w.org\/{rel}","templated":true}]}}